{"id":12923,"date":"2020-11-18T18:22:42","date_gmt":"2020-11-18T17:22:42","guid":{"rendered":"https:\/\/www.powertec.fr\/?p=12923"},"modified":"2020-11-18T18:22:42","modified_gmt":"2020-11-18T17:22:42","slug":"usb-c-is-a-revolution","status":"publish","type":"post","link":"https:\/\/www.powertec.fr\/en\/cables-and-chargers\/usb-c-is-a-revolution\/","title":{"rendered":"USB-C is a revolution !"},"content":{"rendered":"<p><span lang=\"en\">Since it arrived on the first smartphones a few years ago, USB-C has continued to gain traction. We see it on all our electronic devices and it is gradually establishing itself as the connector standard of tomorrow. But if the USB-C is above all a design, that is to say a connection that can be plugged in any direction (phew!) what about its characteristics and why all manufacturers do not stop praising the integration of this standard in their new electronic products? USB-C or USB Type-C is first and foremost a standard relating to the cable connector, which differs from the USB-A, microUSB and Lightin connectors that we knew until then, and that we found on many Android and iPhone smartphones. <img decoding=\"async\" class=\"size-full wp-image-12720 aligncenter\" src=\"https:\/\/www.powertec.fr\/wp-content\/uploads\/2020\/10\/Chargeur-Allume-cigare-Double.jpg\" alt=\"\" width=\"478\" height=\"600\" srcset=\"https:\/\/www.powertec.fr\/wp-content\/uploads\/2020\/10\/Chargeur-Allume-cigare-Double.jpg 478w, https:\/\/www.powertec.fr\/wp-content\/uploads\/2020\/10\/Chargeur-Allume-cigare-Double-239x300.jpg 239w\" sizes=\"(max-width: 478px) 100vw, 478px\" \/>Like its cousins, a USB-C port allows you to charge devices, exchange data, and even transmit audio and video streams. It is ultimately through these latest uses that USB-C finds its universality. But what interests us here is that USB-C is, like other USB standards, made for recharging. USB-C offers several energy profiles. While the classic USB operated at 5V, then at 5.2V then at 3.7V only allowed 2.5 Watts then 5Watts of power, the Type-C offers at least 10 Watts (which explains the new charging standards smartphone Fast charge) and a maximum of 100 Watts, <strong>which allows a computer to be recharged<\/strong>. <\/span><\/p>\n<p><span lang=\"en\"><img decoding=\"async\" class=\"alignleft size-full wp-image-12508\" src=\"https:\/\/www.powertec.fr\/wp-content\/uploads\/2020\/10\/405161_p-1.png\" alt=\"\" width=\"500\" height=\"334\" srcset=\"https:\/\/www.powertec.fr\/wp-content\/uploads\/2020\/10\/405161_p-1.png 500w, https:\/\/www.powertec.fr\/wp-content\/uploads\/2020\/10\/405161_p-1-480x321.png 480w\" sizes=\"(min-width: 0px) and (max-width: 480px) 480px, (min-width: 481px) 500px, 100vw\" \/> <\/span><\/p>\n<p>&nbsp;<\/p>\n<p>&nbsp;<\/p>\n<p>&nbsp;<\/p>\n<p>&nbsp;<\/p>\n<p>&nbsp;<\/p>\n<p>&nbsp;<\/p>\n<p>&nbsp;<\/p>\n<p><span lang=\"en\">Powertec began working on this new standard in 2016, which opens up a small <\/span><span lang=\"en\">revolution, both in terms of charging, connectivity and the products to be charged. In order to develop a USB-C ecosystem, the R&amp;D of the first USB-C solar charger has just been completed with a launch on the market in 2021. <\/span><\/p>\n<p><span lang=\"en\">To go with it, a series of new USB-C accessories to charge everything quickly, including:<br \/>\nA <a href=\"https:\/\/www.powertec.fr\/en\/boutique\/cables-and-chargers\/dual-usb-a-usb-c-cigar-lighter-adapter\/\">USB-C cigar lighter adapter (5V \/ 3A) <\/a><br \/>\nA <a href=\"https:\/\/www.powertec.fr\/en\/boutique\/cables-and-chargers\/chargeurs-usb-secteur\/\">USB-C power adapter <\/a><br \/>\nA <a href=\"https:\/\/www.powertec.fr\/en\/boutique\/cables-and-chargers\/cable-usb-3-en-1-usb-c-micro-lightning\/\">3-in-1 cable, microUSB + USB-C + Lightin <\/a><br \/>\nA serie of <a href=\"https:\/\/www.powertec.fr\/en\/boutique\/power-bank\/external-gp-powerbank-15000-mah-graphite-grey\/\">Powerbanks<\/a> integrating USB-C in \/ out ports<br \/>\nA <a href=\"https:\/\/www.powertec.fr\/en\/boutique\/cables-and-chargers\/wireless-induction-usb-charger\/\">USB-C induction charger <\/a><br \/>\nThus equipped, the next USB-C solar panel + its accessories will bring you all the comfort of a light, robust and fast nomadic charge! <\/span><\/p>\n<p><span lang=\"en\">Have a safe trip to all!<\/span><\/p>\n","protected":false},"excerpt":{"rendered":"<p>Since it arrived on the first smartphones a few years ago, USB-C has continued to gain traction. We see it on all our electronic devices and it is gradually establishing itself as the connector standard of tomorrow. But if the USB-C is above all a design, that is to say a connection that can be [&hellip;]<\/p>\n","protected":false},"author":1,"featured_media":0,"comment_status":"open","ping_status":"open","sticky":false,"template":"","format":"standard","meta":{"_et_pb_use_builder":"","_et_pb_old_content":"","_et_gb_content_width":"","footnotes":""},"categories":[269],"tags":[],"class_list":["post-12923","post","type-post","status-publish","format-standard","hentry","category-cables-and-chargers"],"yoast_head":"<!-- This site is optimized with the Yoast SEO plugin v27.4 - https:\/\/yoast.com\/product\/yoast-seo-wordpress\/ -->\n<title>USB-C is a revolution ! - Powertec Outdoor<\/title>\n<meta name=\"description\" content=\"Sp\u00e9cialiste Fran\u00e7ais des \u00e9quipements et accessoires solaires outdoor, chargeurs, batteries... pour vos randonn\u00e9es, trek, travel\" \/>\n<meta name=\"robots\" content=\"index, follow, max-snippet:-1, max-image-preview:large, max-video-preview:-1\" \/>\n<link rel=\"canonical\" href=\"https:\/\/www.powertec.fr\/en\/cables-and-chargers\/usb-c-is-a-revolution\/\" \/>\n<meta property=\"og:locale\" content=\"en_US\" \/>\n<meta property=\"og:type\" content=\"article\" \/>\n<meta property=\"og:title\" content=\"USB-C is a revolution ! - Powertec Outdoor\" \/>\n<meta property=\"og:description\" content=\"Sp\u00e9cialiste Fran\u00e7ais des \u00e9quipements et accessoires solaires outdoor, chargeurs, batteries... pour vos randonn\u00e9es, trek, travel\" \/>\n<meta property=\"og:url\" content=\"https:\/\/www.powertec.fr\/en\/cables-and-chargers\/usb-c-is-a-revolution\/\" \/>\n<meta property=\"og:site_name\" content=\"Powertec : chargeurs solaires professionnels\" \/>\n<meta property=\"article:publisher\" content=\"https:\/\/www.facebook.com\/pages\/Powertec-Design\/136636319834629\" \/>\n<meta property=\"article:published_time\" content=\"2020-11-18T17:22:42+00:00\" \/>\n<meta property=\"og:image\" content=\"https:\/\/www.powertec.fr\/wp-content\/uploads\/2020\/10\/Chargeur-Allume-cigare-Double.jpg\" \/>\n<meta name=\"author\" content=\"Powertec\" \/>\n<meta name=\"twitter:card\" content=\"summary_large_image\" \/>\n<meta name=\"twitter:creator\" content=\"@PowertecDesign\" \/>\n<meta name=\"twitter:site\" content=\"@PowertecDesign\" \/>\n<meta name=\"twitter:label1\" content=\"Written by\" \/>\n\t<meta name=\"twitter:data1\" content=\"Powertec\" \/>\n\t<meta name=\"twitter:label2\" content=\"Est. reading time\" \/>\n\t<meta name=\"twitter:data2\" content=\"2 minutes\" \/>\n<script type=\"application\/ld+json\" class=\"yoast-schema-graph\">{\"@context\":\"https:\\\/\\\/schema.org\",\"@graph\":[{\"@type\":[\"Article\",\"BlogPosting\"],\"@id\":\"https:\\\/\\\/www.powertec.fr\\\/en\\\/cables-and-chargers\\\/usb-c-is-a-revolution\\\/#article\",\"isPartOf\":{\"@id\":\"https:\\\/\\\/www.powertec.fr\\\/en\\\/cables-and-chargers\\\/usb-c-is-a-revolution\\\/\"},\"author\":{\"name\":\"Powertec\",\"@id\":\"https:\\\/\\\/www.powertec.fr\\\/en\\\/#\\\/schema\\\/person\\\/116fbeebb076db86322f0a2a9a0cc2ee\"},\"headline\":\"USB-C is a revolution !\",\"datePublished\":\"2020-11-18T17:22:42+00:00\",\"mainEntityOfPage\":{\"@id\":\"https:\\\/\\\/www.powertec.fr\\\/en\\\/cables-and-chargers\\\/usb-c-is-a-revolution\\\/\"},\"wordCount\":360,\"commentCount\":0,\"publisher\":{\"@id\":\"https:\\\/\\\/www.powertec.fr\\\/en\\\/#organization\"},\"image\":{\"@id\":\"https:\\\/\\\/www.powertec.fr\\\/en\\\/cables-and-chargers\\\/usb-c-is-a-revolution\\\/#primaryimage\"},\"thumbnailUrl\":\"https:\\\/\\\/www.powertec.fr\\\/wp-content\\\/uploads\\\/2020\\\/10\\\/Chargeur-Allume-cigare-Double.jpg\",\"articleSection\":[\"cables and chargers\"],\"inLanguage\":\"en-US\",\"potentialAction\":[{\"@type\":\"CommentAction\",\"name\":\"Comment\",\"target\":[\"https:\\\/\\\/www.powertec.fr\\\/en\\\/cables-and-chargers\\\/usb-c-is-a-revolution\\\/#respond\"]}]},{\"@type\":\"WebPage\",\"@id\":\"https:\\\/\\\/www.powertec.fr\\\/en\\\/cables-and-chargers\\\/usb-c-is-a-revolution\\\/\",\"url\":\"https:\\\/\\\/www.powertec.fr\\\/en\\\/cables-and-chargers\\\/usb-c-is-a-revolution\\\/\",\"name\":\"USB-C is a revolution ! - Powertec Outdoor\",\"isPartOf\":{\"@id\":\"https:\\\/\\\/www.powertec.fr\\\/en\\\/#website\"},\"primaryImageOfPage\":{\"@id\":\"https:\\\/\\\/www.powertec.fr\\\/en\\\/cables-and-chargers\\\/usb-c-is-a-revolution\\\/#primaryimage\"},\"image\":{\"@id\":\"https:\\\/\\\/www.powertec.fr\\\/en\\\/cables-and-chargers\\\/usb-c-is-a-revolution\\\/#primaryimage\"},\"thumbnailUrl\":\"https:\\\/\\\/www.powertec.fr\\\/wp-content\\\/uploads\\\/2020\\\/10\\\/Chargeur-Allume-cigare-Double.jpg\",\"datePublished\":\"2020-11-18T17:22:42+00:00\",\"description\":\"Sp\u00e9cialiste Fran\u00e7ais des \u00e9quipements et accessoires solaires outdoor, chargeurs, batteries... pour vos randonn\u00e9es, trek, travel\",\"breadcrumb\":{\"@id\":\"https:\\\/\\\/www.powertec.fr\\\/en\\\/cables-and-chargers\\\/usb-c-is-a-revolution\\\/#breadcrumb\"},\"inLanguage\":\"en-US\",\"potentialAction\":[{\"@type\":\"ReadAction\",\"target\":[\"https:\\\/\\\/www.powertec.fr\\\/en\\\/cables-and-chargers\\\/usb-c-is-a-revolution\\\/\"]}]},{\"@type\":\"ImageObject\",\"inLanguage\":\"en-US\",\"@id\":\"https:\\\/\\\/www.powertec.fr\\\/en\\\/cables-and-chargers\\\/usb-c-is-a-revolution\\\/#primaryimage\",\"url\":\"https:\\\/\\\/www.powertec.fr\\\/wp-content\\\/uploads\\\/2020\\\/10\\\/Chargeur-Allume-cigare-Double.jpg\",\"contentUrl\":\"https:\\\/\\\/www.powertec.fr\\\/wp-content\\\/uploads\\\/2020\\\/10\\\/Chargeur-Allume-cigare-Double.jpg\"},{\"@type\":\"BreadcrumbList\",\"@id\":\"https:\\\/\\\/www.powertec.fr\\\/en\\\/cables-and-chargers\\\/usb-c-is-a-revolution\\\/#breadcrumb\",\"itemListElement\":[{\"@type\":\"ListItem\",\"position\":1,\"name\":\"Accueil\",\"item\":\"https:\\\/\\\/www.powertec.fr\\\/en\\\/\"},{\"@type\":\"ListItem\",\"position\":2,\"name\":\"USB-C is a revolution !\"}]},{\"@type\":\"WebSite\",\"@id\":\"https:\\\/\\\/www.powertec.fr\\\/en\\\/#website\",\"url\":\"https:\\\/\\\/www.powertec.fr\\\/en\\\/\",\"name\":\"Powertec : chargeurs solaires professionnels\",\"description\":\"Professional Solar chargers, Powerbanks, outdoor Gear\",\"publisher\":{\"@id\":\"https:\\\/\\\/www.powertec.fr\\\/en\\\/#organization\"},\"potentialAction\":[{\"@type\":\"SearchAction\",\"target\":{\"@type\":\"EntryPoint\",\"urlTemplate\":\"https:\\\/\\\/www.powertec.fr\\\/en\\\/?s={search_term_string}\"},\"query-input\":{\"@type\":\"PropertyValueSpecification\",\"valueRequired\":true,\"valueName\":\"search_term_string\"}}],\"inLanguage\":\"en-US\"},{\"@type\":\"Organization\",\"@id\":\"https:\\\/\\\/www.powertec.fr\\\/en\\\/#organization\",\"name\":\"Powertec chargeur solaire\",\"url\":\"https:\\\/\\\/www.powertec.fr\\\/en\\\/\",\"logo\":{\"@type\":\"ImageObject\",\"inLanguage\":\"en-US\",\"@id\":\"https:\\\/\\\/www.powertec.fr\\\/en\\\/#\\\/schema\\\/logo\\\/image\\\/\",\"url\":\"https:\\\/\\\/www.powertec.fr\\\/wp-content\\\/uploads\\\/2025\\\/03\\\/Logo-Powertec.png\",\"contentUrl\":\"https:\\\/\\\/www.powertec.fr\\\/wp-content\\\/uploads\\\/2025\\\/03\\\/Logo-Powertec.png\",\"width\":800,\"height\":231,\"caption\":\"Powertec chargeur solaire\"},\"image\":{\"@id\":\"https:\\\/\\\/www.powertec.fr\\\/en\\\/#\\\/schema\\\/logo\\\/image\\\/\"},\"sameAs\":[\"https:\\\/\\\/www.facebook.com\\\/pages\\\/Powertec-Design\\\/136636319834629\",\"https:\\\/\\\/x.com\\\/PowertecDesign\",\"https:\\\/\\\/www.instagram.com\\\/powertecdesign\\\/\",\"http:\\\/\\\/pinterest.com\\\/PowertecDesign\\\/boards\\\/\",\"https:\\\/\\\/www.youtube.com\\\/channel\\\/UCKPPbn8yFCbV4QukJxSXU8g\\\/feed?filter=2\"]},{\"@type\":\"Person\",\"@id\":\"https:\\\/\\\/www.powertec.fr\\\/en\\\/#\\\/schema\\\/person\\\/116fbeebb076db86322f0a2a9a0cc2ee\",\"name\":\"Powertec\",\"image\":{\"@type\":\"ImageObject\",\"inLanguage\":\"en-US\",\"@id\":\"https:\\\/\\\/secure.gravatar.com\\\/avatar\\\/ebf726c742bf0937e989aeb866927ab8108545130b6355db17a7ec4bde1f31d9?s=96&d=mm&r=g\",\"url\":\"https:\\\/\\\/secure.gravatar.com\\\/avatar\\\/ebf726c742bf0937e989aeb866927ab8108545130b6355db17a7ec4bde1f31d9?s=96&d=mm&r=g\",\"contentUrl\":\"https:\\\/\\\/secure.gravatar.com\\\/avatar\\\/ebf726c742bf0937e989aeb866927ab8108545130b6355db17a7ec4bde1f31d9?s=96&d=mm&r=g\",\"caption\":\"Powertec\"}}]}<\/script>\n<!-- \/ Yoast SEO plugin. -->","yoast_head_json":{"title":"USB-C is a revolution ! - Powertec Outdoor","description":"Sp\u00e9cialiste Fran\u00e7ais des \u00e9quipements et accessoires solaires outdoor, chargeurs, batteries... pour vos randonn\u00e9es, trek, travel","robots":{"index":"index","follow":"follow","max-snippet":"max-snippet:-1","max-image-preview":"max-image-preview:large","max-video-preview":"max-video-preview:-1"},"canonical":"https:\/\/www.powertec.fr\/en\/cables-and-chargers\/usb-c-is-a-revolution\/","og_locale":"en_US","og_type":"article","og_title":"USB-C is a revolution ! - Powertec Outdoor","og_description":"Sp\u00e9cialiste Fran\u00e7ais des \u00e9quipements et accessoires solaires outdoor, chargeurs, batteries... pour vos randonn\u00e9es, trek, travel","og_url":"https:\/\/www.powertec.fr\/en\/cables-and-chargers\/usb-c-is-a-revolution\/","og_site_name":"Powertec : chargeurs solaires professionnels","article_publisher":"https:\/\/www.facebook.com\/pages\/Powertec-Design\/136636319834629","article_published_time":"2020-11-18T17:22:42+00:00","og_image":[{"url":"https:\/\/www.powertec.fr\/wp-content\/uploads\/2020\/10\/Chargeur-Allume-cigare-Double.jpg","type":"","width":"","height":""}],"author":"Powertec","twitter_card":"summary_large_image","twitter_creator":"@PowertecDesign","twitter_site":"@PowertecDesign","twitter_misc":{"Written by":"Powertec","Est. reading time":"2 minutes"},"schema":{"@context":"https:\/\/schema.org","@graph":[{"@type":["Article","BlogPosting"],"@id":"https:\/\/www.powertec.fr\/en\/cables-and-chargers\/usb-c-is-a-revolution\/#article","isPartOf":{"@id":"https:\/\/www.powertec.fr\/en\/cables-and-chargers\/usb-c-is-a-revolution\/"},"author":{"name":"Powertec","@id":"https:\/\/www.powertec.fr\/en\/#\/schema\/person\/116fbeebb076db86322f0a2a9a0cc2ee"},"headline":"USB-C is a revolution !","datePublished":"2020-11-18T17:22:42+00:00","mainEntityOfPage":{"@id":"https:\/\/www.powertec.fr\/en\/cables-and-chargers\/usb-c-is-a-revolution\/"},"wordCount":360,"commentCount":0,"publisher":{"@id":"https:\/\/www.powertec.fr\/en\/#organization"},"image":{"@id":"https:\/\/www.powertec.fr\/en\/cables-and-chargers\/usb-c-is-a-revolution\/#primaryimage"},"thumbnailUrl":"https:\/\/www.powertec.fr\/wp-content\/uploads\/2020\/10\/Chargeur-Allume-cigare-Double.jpg","articleSection":["cables and chargers"],"inLanguage":"en-US","potentialAction":[{"@type":"CommentAction","name":"Comment","target":["https:\/\/www.powertec.fr\/en\/cables-and-chargers\/usb-c-is-a-revolution\/#respond"]}]},{"@type":"WebPage","@id":"https:\/\/www.powertec.fr\/en\/cables-and-chargers\/usb-c-is-a-revolution\/","url":"https:\/\/www.powertec.fr\/en\/cables-and-chargers\/usb-c-is-a-revolution\/","name":"USB-C is a revolution ! - Powertec Outdoor","isPartOf":{"@id":"https:\/\/www.powertec.fr\/en\/#website"},"primaryImageOfPage":{"@id":"https:\/\/www.powertec.fr\/en\/cables-and-chargers\/usb-c-is-a-revolution\/#primaryimage"},"image":{"@id":"https:\/\/www.powertec.fr\/en\/cables-and-chargers\/usb-c-is-a-revolution\/#primaryimage"},"thumbnailUrl":"https:\/\/www.powertec.fr\/wp-content\/uploads\/2020\/10\/Chargeur-Allume-cigare-Double.jpg","datePublished":"2020-11-18T17:22:42+00:00","description":"Sp\u00e9cialiste Fran\u00e7ais des \u00e9quipements et accessoires solaires outdoor, chargeurs, batteries... pour vos randonn\u00e9es, trek, travel","breadcrumb":{"@id":"https:\/\/www.powertec.fr\/en\/cables-and-chargers\/usb-c-is-a-revolution\/#breadcrumb"},"inLanguage":"en-US","potentialAction":[{"@type":"ReadAction","target":["https:\/\/www.powertec.fr\/en\/cables-and-chargers\/usb-c-is-a-revolution\/"]}]},{"@type":"ImageObject","inLanguage":"en-US","@id":"https:\/\/www.powertec.fr\/en\/cables-and-chargers\/usb-c-is-a-revolution\/#primaryimage","url":"https:\/\/www.powertec.fr\/wp-content\/uploads\/2020\/10\/Chargeur-Allume-cigare-Double.jpg","contentUrl":"https:\/\/www.powertec.fr\/wp-content\/uploads\/2020\/10\/Chargeur-Allume-cigare-Double.jpg"},{"@type":"BreadcrumbList","@id":"https:\/\/www.powertec.fr\/en\/cables-and-chargers\/usb-c-is-a-revolution\/#breadcrumb","itemListElement":[{"@type":"ListItem","position":1,"name":"Accueil","item":"https:\/\/www.powertec.fr\/en\/"},{"@type":"ListItem","position":2,"name":"USB-C is a revolution !"}]},{"@type":"WebSite","@id":"https:\/\/www.powertec.fr\/en\/#website","url":"https:\/\/www.powertec.fr\/en\/","name":"Powertec : chargeurs solaires professionnels","description":"Professional Solar chargers, Powerbanks, outdoor Gear","publisher":{"@id":"https:\/\/www.powertec.fr\/en\/#organization"},"potentialAction":[{"@type":"SearchAction","target":{"@type":"EntryPoint","urlTemplate":"https:\/\/www.powertec.fr\/en\/?s={search_term_string}"},"query-input":{"@type":"PropertyValueSpecification","valueRequired":true,"valueName":"search_term_string"}}],"inLanguage":"en-US"},{"@type":"Organization","@id":"https:\/\/www.powertec.fr\/en\/#organization","name":"Powertec chargeur solaire","url":"https:\/\/www.powertec.fr\/en\/","logo":{"@type":"ImageObject","inLanguage":"en-US","@id":"https:\/\/www.powertec.fr\/en\/#\/schema\/logo\/image\/","url":"https:\/\/www.powertec.fr\/wp-content\/uploads\/2025\/03\/Logo-Powertec.png","contentUrl":"https:\/\/www.powertec.fr\/wp-content\/uploads\/2025\/03\/Logo-Powertec.png","width":800,"height":231,"caption":"Powertec chargeur solaire"},"image":{"@id":"https:\/\/www.powertec.fr\/en\/#\/schema\/logo\/image\/"},"sameAs":["https:\/\/www.facebook.com\/pages\/Powertec-Design\/136636319834629","https:\/\/x.com\/PowertecDesign","https:\/\/www.instagram.com\/powertecdesign\/","http:\/\/pinterest.com\/PowertecDesign\/boards\/","https:\/\/www.youtube.com\/channel\/UCKPPbn8yFCbV4QukJxSXU8g\/feed?filter=2"]},{"@type":"Person","@id":"https:\/\/www.powertec.fr\/en\/#\/schema\/person\/116fbeebb076db86322f0a2a9a0cc2ee","name":"Powertec","image":{"@type":"ImageObject","inLanguage":"en-US","@id":"https:\/\/secure.gravatar.com\/avatar\/ebf726c742bf0937e989aeb866927ab8108545130b6355db17a7ec4bde1f31d9?s=96&d=mm&r=g","url":"https:\/\/secure.gravatar.com\/avatar\/ebf726c742bf0937e989aeb866927ab8108545130b6355db17a7ec4bde1f31d9?s=96&d=mm&r=g","contentUrl":"https:\/\/secure.gravatar.com\/avatar\/ebf726c742bf0937e989aeb866927ab8108545130b6355db17a7ec4bde1f31d9?s=96&d=mm&r=g","caption":"Powertec"}}]}},"_links":{"self":[{"href":"https:\/\/www.powertec.fr\/en\/wp-json\/wp\/v2\/posts\/12923","targetHints":{"allow":["GET"]}}],"collection":[{"href":"https:\/\/www.powertec.fr\/en\/wp-json\/wp\/v2\/posts"}],"about":[{"href":"https:\/\/www.powertec.fr\/en\/wp-json\/wp\/v2\/types\/post"}],"author":[{"embeddable":true,"href":"https:\/\/www.powertec.fr\/en\/wp-json\/wp\/v2\/users\/1"}],"replies":[{"embeddable":true,"href":"https:\/\/www.powertec.fr\/en\/wp-json\/wp\/v2\/comments?post=12923"}],"version-history":[{"count":0,"href":"https:\/\/www.powertec.fr\/en\/wp-json\/wp\/v2\/posts\/12923\/revisions"}],"wp:attachment":[{"href":"https:\/\/www.powertec.fr\/en\/wp-json\/wp\/v2\/media?parent=12923"}],"wp:term":[{"taxonomy":"category","embeddable":true,"href":"https:\/\/www.powertec.fr\/en\/wp-json\/wp\/v2\/categories?post=12923"},{"taxonomy":"post_tag","embeddable":true,"href":"https:\/\/www.powertec.fr\/en\/wp-json\/wp\/v2\/tags?post=12923"}],"curies":[{"name":"wp","href":"https:\/\/api.w.org\/{rel}","templated":true}]}}